{"id":108,"date":"2012-08-15T21:56:02","date_gmt":"2012-08-16T01:56:02","guid":{"rendered":"http:\/\/www.ingeterm.net\/aespro-cl\/?p=106"},"modified":"2012-08-15T21:56:02","modified_gmt":"2012-08-16T01:56:02","slug":"curso-r-unab","status":"publish","type":"post","link":"https:\/\/aespro.cl\/?p=108","title":{"rendered":"Curso R &#8211; UNAB"},"content":{"rendered":"<p style=\"text-align: justify;\">Esta oportunidad realizamos el primer curso de R b\u00e1sico en la\u00a0<a href=\"http:\/\/www.unab.cl\/\">Universidad Andr\u00e9s Bello<\/a>. El curso estuvo patrocinado por el\u00a0<a href=\"http:\/\/ecobiodiversidad.unab.cl\/\">Departamento de Ecolog\u00eda y Biodiversidad<\/a>\u00a0de la Universidad, especialmente organizado por la\u00a0<a href=\"http:\/\/www.parasitologia-chile.com\/index.php?option=com_content&amp;view=article&amp;id=70:marcela-aldana&amp;catid=37:investigadores&amp;Itemid=59\">Dra. Marcela Aldana<\/a>\u00a0y\u00a0<a href=\"http:\/\/ecobiodiversidad.unab.cl\/docencia\/dr-jose-pulgar-aguila\/\">Dr. Jos\u00e9 Pulgar<\/a>, profesores de la universidad. \u00a0Adem\u00e1s debemos agradecer la positiva disposici\u00f3n del director de la Facultad de Ecolog\u00eda y Recursos Naturales,\u00a0<a href=\"http:\/\/ecobiodiversidad.unab.cl\/docencia\/dr-alejandro-simeone-cabrera\/\">Dr. Alejandro Simeone<\/a>\u00a0quien facilit\u00f3 las instalaciones de la universidad.<\/p>\n<p style=\"text-align: justify;\">El curso tuvo una muy buena recepci\u00f3n en todos los invitados, quienes nos entregaron sus comentarios al final de la experiencia. El grupo estuvo constituido por personas principalmente de Santiago, pero tambi\u00e9n otros viajaron desde Coquimbo y Valpara\u00edso.\u00a0\u00a0 Nos llam\u00f3 la atenci\u00f3n que en el grupo cuatro personas viajaran desde Coquimbo directamente desde la Universidad Cat\u00f3lica del Norte para participar de este primer curso b\u00e1sico, pero la mayor\u00eda de los interesados correspondieron a profesionales de universidades locales como la Pontificia Universidad Cat\u00f3lica de Chile y la Universidad de Chile. El grupo estuvo constituido por personas pertenecientes a distintas disciplinas como: Agronom\u00eda, Veterinaria, Econom\u00eda y Ecolog\u00eda.<\/p>\n<p style=\"text-align: justify;\">El curso const\u00f3 de dos d\u00edas de entrenamiento. El primero estuvo centrado en la creaci\u00f3n de objetos, importaci\u00f3n y exportaci\u00f3n de datos, creaci\u00f3n de data frames desde distintos tipo de archivos. Se mostr\u00f3 como es posible crear una matriz de datos y trabajar con ella, adem\u00e1s, se mostr\u00f3 la gran flexibilidad del software para la creaci\u00f3n de distintos tipos de objetos. El curso fue orientado desde una perspectiva pr\u00e1ctica, por lo tanto se utilizaron diferentes fuentes de bases de datos, para as\u00ed hacer algunos an\u00e1lisis exploratorios y posteriormente pruebas de hip\u00f3tesis simples.<\/p>\n<p style=\"text-align: justify;\">El segundo d\u00eda, estuvo orientado a la creaci\u00f3n de gr\u00e1ficos y an\u00e1lisis de datos categ\u00f3ricos.\u00a0 Distintas formas de creaci\u00f3n de gr\u00e1ficos bidimensionales, especialmente se utilizaron las funciones m\u00e1s utilizadas en la creaci\u00f3n de gr\u00e1ficos en R. Adem\u00e1s se mostraron los procedimientos para realizar un grafico desde objetos t\u00edpicos en R, como matrices y data frames. Al final del curso, profesionales de distintas \u00e1reas de investigaci\u00f3n presentaron sus trabajos, que utilizando R lograron desarrollar. Uno de ellos fue Sergio Ibarra desde el Centro de Estudio Ambientales de la Universidad de Chile y Elizabeth Salinas de la Escuela de Salud P\u00fablica de la Pontificia Universidad Cat\u00f3lica de Chile.<\/p>\n<p style=\"text-align: justify;\">Finalmente, los participantes usando una hoja en blanco pudieron resumir en pocas palabras lo que significo para ellos este curso. Adem\u00e1s, explicitar \u201clo mejor\u201d y \u201clo peor\u201d del curso, quienes pusieron una nota final al curso en una escala de 1.0 a 7.0, el promedio obtenido fue de 6.3 .<\/p>\n","protected":false},"excerpt":{"rendered":"<p>Esta oportunidad realizamos el primer curso de R b\u00e1sico en la\u00a0Universidad Andr\u00e9s Bello. El curso estuvo patrocinado por el\u00a0Departamento de Ecolog\u00eda y Biodiversidad\u00a0de la Universidad, especialmente organizado por la\u00a0Dra. Marcela Aldana\u00a0y\u00a0Dr. Jos\u00e9 Pulgar, profesores de la universidad. \u00a0Adem\u00e1s debemos agradecer &hellip; <a href=\"https:\/\/aespro.cl\/?p=108\">Continuar leyendo <span class=\"meta-nav\">&rarr;<\/span><\/a><\/p>\n","protected":false},"author":1,"featured_media":0,"comment_status":"closed","ping_status":"closed","sticky":false,"template":"","format":"standard","meta":[],"categories":[2],"tags":[],"_links":{"self":[{"href":"https:\/\/aespro.cl\/index.php?rest_route=\/wp\/v2\/posts\/108"}],"collection":[{"href":"https:\/\/aespro.cl\/index.php?rest_route=\/wp\/v2\/posts"}],"about":[{"href":"https:\/\/aespro.cl\/index.php?rest_route=\/wp\/v2\/types\/post"}],"author":[{"embeddable":true,"href":"https:\/\/aespro.cl\/index.php?rest_route=\/wp\/v2\/users\/1"}],"replies":[{"embeddable":true,"href":"https:\/\/aespro.cl\/index.php?rest_route=%2Fwp%2Fv2%2Fcomments&post=108"}],"version-history":[{"count":0,"href":"https:\/\/aespro.cl\/index.php?rest_route=\/wp\/v2\/posts\/108\/revisions"}],"wp:attachment":[{"href":"https:\/\/aespro.cl\/index.php?rest_route=%2Fwp%2Fv2%2Fmedia&parent=108"}],"wp:term":[{"taxonomy":"category","embeddable":true,"href":"https:\/\/aespro.cl\/index.php?rest_route=%2Fwp%2Fv2%2Fcategories&post=108"},{"taxonomy":"post_tag","embeddable":true,"href":"https:\/\/aespro.cl\/index.php?rest_route=%2Fwp%2Fv2%2Ftags&post=108"}],"curies":[{"name":"wp","href":"https:\/\/api.w.org\/{rel}","templated":true}]}}